{"id":642,"date":"2019-11-26T17:09:36","date_gmt":"2019-11-26T16:09:36","guid":{"rendered":"https:\/\/bienetreoquotidien.org\/wp\/?p=642"},"modified":"2019-12-04T20:33:42","modified_gmt":"2019-12-04T19:33:42","slug":"manger-sans-gluten-au-restaurant-biotifull-darras-le-25-novembre-2019","status":"publish","type":"post","link":"https:\/\/bienetreoquotidien.org\/wp\/2019\/11\/26\/manger-sans-gluten-au-restaurant-biotifull-darras-le-25-novembre-2019\/","title":{"rendered":"D\u00e9bat autour du gluten, et introduction \u00e0 la Sophrologie au restaurant &#8220;Biotifull&#8221; d&#8217;Arras, le 25 Novembre 2019"},"content":{"rendered":"\n<p class=\"has-text-color has-medium-font-size has-very-dark-gray-color\"><strong>En partenariat avec le restaurant &#8220;Biotifull&#8221; d&#8217;Arras, nous avons organis\u00e9 un &#8216;Go\u00fbter gourmand&#8217; sans gluten, avec un d\u00e9bat sur le &#8216;sans gluten&#8217; et une introduction \u00e0 la Sophrologie.<\/strong><\/p>\n\n\n\n<p class=\"has-text-color has-medium-font-size has-very-dark-gray-color\"><strong>C&#8217;est au 22 Boulevard de Strasbourg \u00e0 Arras, que le chef Vincent Capron a eu la gentillesse d\u2019accueillir notre association &#8220;Bien-\u00catre \u00d4 Quotidien&#8221;.<\/strong><\/p>\n\n\n\n<!--more-->\n\n\n\n<p><\/p>\n\n\n\n<h2><strong><em>Il \u00e9tait une fois&#8230;.<\/em><\/strong><\/h2>\n\n\n\n<p class=\"has-text-color has-medium-font-size has-very-dark-gray-color\"><strong>Il \u00e9tait une fois trois personnes exceptionnelles anim\u00e9es des m\u00eames valeurs: Jacques, Jean-Pierre et Vincent.<\/strong><\/p>\n\n\n\n<div class=\"wp-block-image\"><figure class=\"aligncenter size-large is-resized\"><a href=\"https:\/\/bienetreoquotidien.org\/wp\/wp-content\/uploads\/2019\/12\/amis-3-sur-bois-700-x-659.png\"><img loading=\"lazy\" src=\"https:\/\/bienetreoquotidien.org\/wp\/wp-content\/uploads\/2019\/12\/amis-3-sur-bois-700-x-659.png\" alt=\"\" class=\"wp-image-876\" width=\"350\" height=\"330\" srcset=\"https:\/\/bienetreoquotidien.org\/wp\/wp-content\/uploads\/2019\/12\/amis-3-sur-bois-700-x-659.png 700w, https:\/\/bienetreoquotidien.org\/wp\/wp-content\/uploads\/2019\/12\/amis-3-sur-bois-700-x-659-300x282.png 300w\" sizes=\"(max-width: 350px) 100vw, 350px\" \/><\/a><\/figure><\/div>\n\n\n\n<p class=\"has-text-color has-medium-font-size has-very-dark-gray-color\"><strong>Jean-Pierre est pr\u00e9sident de l&#8217;association &#8220;<em>Bien-\u00catre \u00d4 Quotidien<\/em>&#8220;, Jacques en est le tr\u00e9sorier et Vincent dirige son restaurant le &#8220;<em>Biotifull<\/em>&#8221; \u00e0 Arras.<\/strong><\/p>\n\n\n\n<p class=\"has-text-color has-medium-font-size has-very-dark-gray-color\"> <strong>Et ils ont vite fait de rassembler des amis.<\/strong><\/p>\n\n\n\n<div class=\"wp-block-image\"><figure class=\"aligncenter size-large is-resized\"><a href=\"https:\/\/bienetreoquotidien.org\/wp\/wp-content\/uploads\/2019\/12\/amis-6-sur-bois700-x-599.png\"><img loading=\"lazy\" src=\"https:\/\/bienetreoquotidien.org\/wp\/wp-content\/uploads\/2019\/12\/amis-6-sur-bois700-x-599.png\" alt=\"\" class=\"wp-image-877\" width=\"350\" height=\"300\" srcset=\"https:\/\/bienetreoquotidien.org\/wp\/wp-content\/uploads\/2019\/12\/amis-6-sur-bois700-x-599.png 700w, https:\/\/bienetreoquotidien.org\/wp\/wp-content\/uploads\/2019\/12\/amis-6-sur-bois700-x-599-300x257.png 300w\" sizes=\"(max-width: 350px) 100vw, 350px\" \/><\/a><\/figure><\/div>\n\n\n\n<p class=\"has-text-color has-medium-font-size has-very-dark-gray-color\"><strong>L&#8217;association &#8220;Bien-\u00catre \u00d4 Quotidien&#8221; s&#8217;est donn\u00e9 comme objectif de favoriser le bien-\u00eatre et l&#8217;\u00e9cologie de vie de la personne dans le cadre de l&#8217;\u00e9cologie de son environnement.<\/strong><\/p>\n\n\n\n<p class=\"has-text-color has-medium-font-size has-very-dark-gray-color\"><strong>Elle propose des ouvertures diversifi\u00e9es et des ateliers destin\u00e9s \u00e0 mettre la s\u00e9r\u00e9nit\u00e9 et le mieux-\u00eatre \u00e0 la port\u00e9e du plus grand nombre.<\/strong><\/p>\n\n\n\n<p class=\"has-text-color has-medium-font-size has-very-dark-gray-color\"><strong>Notre go\u00fbter gourmand s&#8217;est donc inscrit tout naturellement dans ce but. Cet objectif passe aussi bien par l&#8217;\u00e9cologie de notre alimentation que par l&#8217;\u00e9cologie dans la gestion de nos \u00e9motions toxiques.<\/strong><\/p>\n\n\n\n<p class=\"has-text-color has-medium-font-size has-very-dark-gray-color\"><strong>Chaque personne a pu ainsi trouver des pistes de r\u00e9flexion pour contribuer elle-m\u00eame \u00e0 son mieux-\u00eatre.<\/strong><\/p>\n\n\n\n<h2><strong><em>Un jour&#8230;.<\/em><\/strong><\/h2>\n\n\n\n<p class=\"has-text-color has-medium-font-size has-very-dark-gray-color\"><strong>Un jour, alors que Jean-Pierre et Jacques partageaient un repas des plus raffin\u00e9 chez Vincent, l&#8217;id\u00e9e a germ\u00e9 entre eux d&#8217;organiser un apr\u00e8s-midi &#8220;<em>bien-\u00eatre<\/em>&#8221; avec d\u00e9couverte de la <em>Sophrologie<\/em>.<\/strong><\/p>\n\n\n\n<p class=\"has-text-color has-medium-font-size has-very-dark-gray-color\"><strong>En deux temps trois mouvements l&#8217;id\u00e9e a vite fait son chemin.<\/strong><\/p>\n\n\n\n<p class=\"has-text-color has-medium-font-size has-very-dark-gray-color\"><strong>Elle a pris forme pour se mat\u00e9rialiser en un go\u00fbter gourmand destin\u00e9 \u00e0 faire d\u00e9couvrir la Sophrologie et en m\u00eame temps installer la r\u00e9flexion sur le r\u00f4le du gluten dans l&#8217;alimentation et son impact sur les fonctions de notre corps.<\/strong><\/p>\n\n\n\n<p class=\"has-text-color has-medium-font-size has-very-dark-gray-color\"><strong>Avec une grande g\u00e9n\u00e9rosit\u00e9, Vincent a spontan\u00e9ment mis la salle de son restaurant \u00e0 la disposition de ce go\u00fbter.<\/strong><\/p>\n\n\n\n<div class=\"wp-block-image\"><figure class=\"aligncenter size-large\"><a href=\"https:\/\/bienetreoquotidien.org\/wp\/wp-content\/uploads\/2019\/11\/Fa\u00e7ade-Biotifull-25-11-2019-basse-r\u00e9solution.jpg\"><img loading=\"lazy\" width=\"500\" height=\"506\" src=\"https:\/\/bienetreoquotidien.org\/wp\/wp-content\/uploads\/2019\/11\/Fa\u00e7ade-Biotifull-25-11-2019-basse-r\u00e9solution.jpg\" alt=\"\" class=\"wp-image-649\" srcset=\"https:\/\/bienetreoquotidien.org\/wp\/wp-content\/uploads\/2019\/11\/Fa\u00e7ade-Biotifull-25-11-2019-basse-r\u00e9solution.jpg 500w, https:\/\/bienetreoquotidien.org\/wp\/wp-content\/uploads\/2019\/11\/Fa\u00e7ade-Biotifull-25-11-2019-basse-r\u00e9solution-296x300.jpg 296w\" sizes=\"(max-width: 500px) 100vw, 500px\" \/><\/a><\/figure><\/div>\n\n\n\n<p class=\"has-text-color has-medium-font-size has-very-dark-gray-color\"><strong>Il nous a accueillis avec la grande gentillesse et la discr\u00e9tion qui le caract\u00e9rise. Grand merci \u00e0 lui pour son exceptionnelle convivialit\u00e9.<\/strong><\/p>\n\n\n\n<h2 class=\"has-luminous-vivid-orange-color has-text-color has-text-align-center\">Le gluten<\/h2>\n\n\n\n<p class=\"has-text-color has-medium-font-size has-very-dark-gray-color\"><strong>Afin de rester dans l&#8217;esprit du sujet il nous a concoct\u00e9 un menu de succulentes douceurs sucr\u00e9es sans gluten qui a remport\u00e9 un succ\u00e8s m\u00e9morable, les assiettes vides en ont \u00e9t\u00e9 la preuve.<\/strong><\/p>\n\n\n\n<p class=\"has-text-color has-medium-font-size has-very-dark-gray-color\"><strong>L&#8217;excellence des p\u00e2tisseries propos\u00e9es a apport\u00e9 la preuve irr\u00e9futable que l&#8217;on pouvait se r\u00e9galer de mets savoureux et l\u00e9gers sans gluten. Il propose d&#8217;ailleurs un grand \u00e9ventail sans gluten dans son restaurant.<\/strong><\/p>\n\n\n\n<p class=\"has-text-color has-medium-font-size has-very-dark-gray-color\"><strong>Vincent a m\u00eame pouss\u00e9 sa g\u00e9n\u00e9rosit\u00e9 jusqu&#8217;\u00e0 nous offrir la recette de ses p\u00e2tisseries:<\/strong><\/p>\n\n\n\n<ul class=\"beoq-li-medium-font-size\"><li><strong>Brownie au chocolat;<\/strong><\/li><li><strong>G\u00e2teau aux poires et chocolat;<\/strong><\/li><li><strong>Mousse au citron.<\/strong><\/li><\/ul>\n\n\n\n<p class=\"has-text-align-center\">(Cliquer sur le menu pour agrandir l&#8217;image).<\/p>\n\n\n\n<div class=\"wp-block-image\"><figure class=\"aligncenter size-large is-resized\"><a href=\"https:\/\/bienetreoquotidien.org\/wp\/wp-content\/uploads\/2019\/11\/Recettes-1-basse-r\u00e9solution.png\"><img loading=\"lazy\" src=\"https:\/\/bienetreoquotidien.org\/wp\/wp-content\/uploads\/2019\/11\/Recettes-1-basse-r\u00e9solution.png\" alt=\"\" class=\"wp-image-654\" width=\"375\" height=\"525\" srcset=\"https:\/\/bienetreoquotidien.org\/wp\/wp-content\/uploads\/2019\/11\/Recettes-1-basse-r\u00e9solution.png 500w, https:\/\/bienetreoquotidien.org\/wp\/wp-content\/uploads\/2019\/11\/Recettes-1-basse-r\u00e9solution-214x300.png 214w\" sizes=\"(max-width: 375px) 100vw, 375px\" \/><\/a><\/figure><\/div>\n\n\n\n<p class=\"has-text-color has-medium-font-size has-very-dark-gray-color\"><strong>L&#8217;ambiance de ce go\u00fbter s&#8217;est vite transform\u00e9e en un moment de partage amical et chaleureux.<\/strong><\/p>\n\n\n\n<h2 class=\"has-vivid-red-color has-text-color has-text-align-center\"><strong>Extraits vid\u00e9o du d\u00e9bat sur le gluten<\/strong><\/h2>\n\n\n\n<figure class=\"wp-block-video beoq-cadre-video\"><video controls poster=\"https:\/\/bienetreoquotidien.org\/wp\/wp-content\/uploads\/2019\/11\/BEOQ-Image-video-1280x720-01-gluten-sophro.jpg\" src=\"\/wp\/wp-content\/uploads\/2019\/12\/Atelier-Gluten-et-Sophrologie-25-11-2019.mp4\"><\/video><\/figure>\n\n\n\n<p class=\"has-text-color has-medium-font-size has-very-dark-gray-color\"><strong>Cela a \u00e9t\u00e9 une information destin\u00e9e \u00e0 provoquer la r\u00e9flexion face au nombre croissant de personnes sensibles ou intol\u00e9rantes au gluten.<\/strong><\/p>\n\n\n\n<div class=\"wp-block-image\"><figure class=\"aligncenter size-large\"><img loading=\"lazy\" width=\"500\" height=\"375\" src=\"https:\/\/bienetreoquotidien.org\/wp\/wp-content\/uploads\/2019\/11\/Biotifull-2019-11-25-salle-gluten.jpg\" alt=\"\" class=\"wp-image-668\" srcset=\"https:\/\/bienetreoquotidien.org\/wp\/wp-content\/uploads\/2019\/11\/Biotifull-2019-11-25-salle-gluten.jpg 500w, https:\/\/bienetreoquotidien.org\/wp\/wp-content\/uploads\/2019\/11\/Biotifull-2019-11-25-salle-gluten-300x225.jpg 300w\" sizes=\"(max-width: 500px) 100vw, 500px\" \/><\/figure><\/div>\n\n\n\n<p class=\"has-text-color has-medium-font-size has-very-dark-gray-color\"><strong>Les participants ont re\u00e7u une petite synth\u00e8se cr\u00e9\u00e9e \u00e0 partir des fiches d&#8217;AEDIS list\u00e9es ci-dessous:<\/strong><\/p>\n\n\n\n<p class=\"has-text-align-center\"> (Cliquer sur l&#8217;image pour agrandir l&#8217;image). <\/p>\n\n\n\n<div class=\"wp-block-image\"><figure class=\"aligncenter size-large is-resized\"><a href=\"https:\/\/bienetreoquotidien.org\/wp\/wp-content\/uploads\/2019\/11\/Fiche-gluten-aedis-synth\u00e8se-01.jpg\"><img loading=\"lazy\" src=\"https:\/\/bienetreoquotidien.org\/wp\/wp-content\/uploads\/2019\/11\/Fiche-gluten-aedis-synth\u00e8se-01-724x1024.jpg\" alt=\"\" class=\"wp-image-862\" width=\"543\" height=\"768\" srcset=\"https:\/\/bienetreoquotidien.org\/wp\/wp-content\/uploads\/2019\/11\/Fiche-gluten-aedis-synth\u00e8se-01-724x1024.jpg 724w, https:\/\/bienetreoquotidien.org\/wp\/wp-content\/uploads\/2019\/11\/Fiche-gluten-aedis-synth\u00e8se-01-212x300.jpg 212w, https:\/\/bienetreoquotidien.org\/wp\/wp-content\/uploads\/2019\/11\/Fiche-gluten-aedis-synth\u00e8se-01-768x1087.jpg 768w, https:\/\/bienetreoquotidien.org\/wp\/wp-content\/uploads\/2019\/11\/Fiche-gluten-aedis-synth\u00e8se-01.jpg 909w\" sizes=\"(max-width: 543px) 100vw, 543px\" \/><\/a><\/figure><\/div>\n\n\n\n<p class=\"has-text-color has-medium-font-size has-very-dark-gray-color\"><strong>La d\u00e9couverte de l&#8217;alimentation all\u00e9g\u00e9e en gluten a \u00e9t\u00e9 inspir\u00e9e par les articles de:<\/strong><\/p>\n\n\n\n<ul class=\"beoq-li-medium-font-size\"><li><strong> Professeur Christophe Cellier, gastro-ent\u00e9rologue et h\u00e9patologue l\u2019h\u00f4pital Georges Pompidou de Paris<\/strong>;<\/li><li><strong>Professeur Bruno Bonaz, h\u00e9pato-ent\u00e9rologue et h\u00e9patologue, praticien hospitalier et professeur des universit\u00e9s au C.H.U. de Grenoble.<\/strong><\/li><li><strong>Livre &#8220;pains et p\u00e2tisseries sans gluten&#8221;, cuisine saine, traduit de l&#8217;allemand par Naumann et G\u00f6lel Verlagsgesellschaft mbh.<\/strong><\/li><li><strong>Croquis d&#8217;anatomie tir\u00e9s des fiches Aeolis &#8220;sans gluten, sans lactose&#8221; et &#8220;Les intestins, confort et bien-\u00eatre<\/strong>&#8220;.<\/li><\/ul>\n\n\n\n<p class=\"has-text-color has-medium-font-size has-very-dark-gray-color\"><strong>Quelques liens utiles:<\/strong><\/p>\n\n\n\n<ul class=\"beoq-li-medium-font-size\"><li><strong>Association fran\u00e7aise des intol\u00e9rants au gluten:<\/strong> <a href=\"http:\/\/www.afdiag.org\">www.afdiag.org<\/a><\/li><li><strong>Site culinaire: <\/strong><a href=\"http:\/\/www.macuisinesansgluten.fr\">www.macuisinesansgluten.fr<\/a><\/li><\/ul>\n\n\n\n<hr class=\"wp-block-separator has-text-color has-background has-luminous-vivid-orange-background-color has-luminous-vivid-orange-color\"\/>\n\n\n\n<h2 class=\"has-vivid-purple-color has-text-color has-text-align-center\">La Sophrologie<\/h2>\n\n\n\n<p class=\"has-text-color has-medium-font-size has-very-dark-gray-color\"><strong>La Sophrologie y a \u00e9t\u00e9 pr\u00e9sent\u00e9e de fa\u00e7on \u00e0 pouvoir \u00eatre rapidement pratiqu\u00e9e au quotidien et surtout \u00e0 \u00eatre utilis\u00e9e face aux al\u00e9as de la vie.<\/strong><\/p>\n\n\n\n<p class=\"has-text-color has-medium-font-size has-very-dark-gray-color\"><strong>Une s\u00e9ance d&#8217;initiation \u00e0 la Sophrologie a \u00e9t\u00e9 pratiqu\u00e9e.<\/strong><\/p>\n\n\n\n<p class=\"has-text-color has-medium-font-size has-very-dark-gray-color\"><strong>Elle a pu mettre l&#8217;accent sur l&#8217;utilisation si pr\u00e9cieuse de la respiration abdominale pour aider \u00e0 g\u00e9rer le stress, \u00e9vacuer les tensions physiques et mentales et retrouver l&#8217;harmonie Corps-Esprit.<\/strong><\/p>\n\n\n\n<div class=\"wp-block-image\"><figure class=\"aligncenter size-large\"><a href=\"https:\/\/bienetreoquotidien.org\/wp\/wp-content\/uploads\/2019\/12\/respiration-schema.jpeg\"><img loading=\"lazy\" width=\"439\" height=\"262\" src=\"https:\/\/bienetreoquotidien.org\/wp\/wp-content\/uploads\/2019\/12\/respiration-schema.jpeg\" alt=\"\" class=\"wp-image-897\" srcset=\"https:\/\/bienetreoquotidien.org\/wp\/wp-content\/uploads\/2019\/12\/respiration-schema.jpeg 439w, https:\/\/bienetreoquotidien.org\/wp\/wp-content\/uploads\/2019\/12\/respiration-schema-300x179.jpeg 300w\" sizes=\"(max-width: 439px) 100vw, 439px\" \/><\/a><\/figure><\/div>\n\n\n\n<p class=\"has-text-color has-medium-font-size has-very-dark-gray-color\"><strong>L&#8217;accent a \u00e9t\u00e9 mis sur l&#8217;int\u00e9r\u00eat de savoir g\u00e9rer notre stress au quotidien, \u00e0 tout \u00e2ge, afin d&#8217;am\u00e9liorer la qualit\u00e9 de notre vie.<\/strong><\/p>\n\n\n\n<p class=\"has-text-color has-medium-font-size has-very-dark-gray-color\"><strong>La Sophrologie favorise:<\/strong><\/p>\n\n\n\n<ul class=\"beoq-li-medium-font-size\"><li><strong>Le l\u00e2cher-prise;<\/strong><\/li><li><strong>La gestion des \u00e9motions;<\/strong><\/li><li><strong>La gestion des angoisses;<\/strong><\/li><li><strong>La gestion du stress des examens scolaires;<\/strong><\/li><li><strong>La confiance en soi;<\/strong><\/li><li><strong>La vie de tous les jours, en milieu m\u00e9dical, scolaires et sportif.<\/strong><\/li><\/ul>\n\n\n\n<p class=\"has-text-color has-medium-font-size has-very-dark-gray-color\"><strong>Pratiqu\u00e9e tous les jours, elle devient un art de vivre.<\/strong><\/p>\n\n\n\n<p class=\"has-text-color has-medium-font-size has-very-dark-gray-color\"><strong>C&#8217;est la raison pour laquelle la recette de la marche afghane a \u00e9t\u00e9 donn\u00e9e afin de l&#8217;int\u00e9grer dans notre fa\u00e7on de marcher au quotidien.<\/strong><\/p>\n\n\n\n<div class=\"wp-block-image\"><figure class=\"aligncenter size-large\"><a href=\"https:\/\/bienetreoquotidien.org\/wp\/wp-content\/uploads\/2019\/12\/Marche-afghane-03.jpg\"><img loading=\"lazy\" width=\"603\" height=\"194\" src=\"https:\/\/bienetreoquotidien.org\/wp\/wp-content\/uploads\/2019\/12\/Marche-afghane-03.jpg\" alt=\"\" class=\"wp-image-896\" srcset=\"https:\/\/bienetreoquotidien.org\/wp\/wp-content\/uploads\/2019\/12\/Marche-afghane-03.jpg 603w, https:\/\/bienetreoquotidien.org\/wp\/wp-content\/uploads\/2019\/12\/Marche-afghane-03-300x97.jpg 300w\" sizes=\"(max-width: 603px) 100vw, 603px\" \/><\/a><figcaption>Marche afghane<\/figcaption><\/figure><\/div>\n","protected":false},"excerpt":{"rendered":"<p>En partenariat avec le restaurant &#8220;Biotifull&#8221; d&#8217;Arras, nous avons organis\u00e9 un &#8216;Go\u00fbter gourmand&#8217; sans gluten, avec un d\u00e9bat sur le &#8216;sans gluten&#8217; et une introduction \u00e0 la Sophrologie. C&#8217;est au 22 Boulevard de Strasbourg \u00e0 Arras, que le chef Vincent Capron a eu la gentillesse d\u2019accueillir notre association &#8220;Bien-\u00catre \u00d4 Quotidien&#8221;.<\/p>\n","protected":false},"author":2,"featured_media":737,"comment_status":"open","ping_status":"open","sticky":false,"template":"","format":"standard","meta":[],"categories":[17,5],"tags":[],"_links":{"self":[{"href":"https:\/\/bienetreoquotidien.org\/wp\/wp-json\/wp\/v2\/posts\/642"}],"collection":[{"href":"https:\/\/bienetreoquotidien.org\/wp\/wp-json\/wp\/v2\/posts"}],"about":[{"href":"https:\/\/bienetreoquotidien.org\/wp\/wp-json\/wp\/v2\/types\/post"}],"author":[{"embeddable":true,"href":"https:\/\/bienetreoquotidien.org\/wp\/wp-json\/wp\/v2\/users\/2"}],"replies":[{"embeddable":true,"href":"https:\/\/bienetreoquotidien.org\/wp\/wp-json\/wp\/v2\/comments?post=642"}],"version-history":[{"count":93,"href":"https:\/\/bienetreoquotidien.org\/wp\/wp-json\/wp\/v2\/posts\/642\/revisions"}],"predecessor-version":[{"id":1179,"href":"https:\/\/bienetreoquotidien.org\/wp\/wp-json\/wp\/v2\/posts\/642\/revisions\/1179"}],"wp:featuredmedia":[{"embeddable":true,"href":"https:\/\/bienetreoquotidien.org\/wp\/wp-json\/wp\/v2\/media\/737"}],"wp:attachment":[{"href":"https:\/\/bienetreoquotidien.org\/wp\/wp-json\/wp\/v2\/media?parent=642"}],"wp:term":[{"taxonomy":"category","embeddable":true,"href":"https:\/\/bienetreoquotidien.org\/wp\/wp-json\/wp\/v2\/categories?post=642"},{"taxonomy":"post_tag","embeddable":true,"href":"https:\/\/bienetreoquotidien.org\/wp\/wp-json\/wp\/v2\/tags?post=642"}],"curies":[{"name":"wp","href":"https:\/\/api.w.org\/{rel}","templated":true}]}}